{"id":23317,"date":"2025-04-11T07:21:22","date_gmt":"2025-04-11T05:21:22","guid":{"rendered":"https:\/\/www.kamajugimnazija.lt\/?p=23317"},"modified":"2025-04-11T07:21:34","modified_gmt":"2025-04-11T05:21:34","slug":"lekime-dainu-sparnais","status":"publish","type":"post","link":"https:\/\/www.kamajugimnazija.lt\/2025\/04\/lekime-dainu-sparnais\/","title":{"rendered":",,L\u0117kime dain\u0173 sparnais\u201c"},"content":{"rendered":"\n<p>\u00a0\u00a0\u00a0\u00a0\u00a0\u00a0 \u0160. m. baland\u017eio 9 d. Roki\u0161kio \u00a0Kra\u0161to muziejuje vyko XII tarptautinis vokalin\u0117s muzikos konkursas ,,L\u0117kime dain\u0173 sparnais\u201c, kur\u012f organizavo Roki\u0161kio Rudolfo Lymano muzikos mokykla. M\u016bs\u0173 gimnazijos neformaliojo \u0161vietimo skyriaus estetikos studijos mokin\u0117 Arija L\u0117ja Zai\u010denko padainavo dvi dainas. Jai pritar\u0117 estetikos studijos instrumentinio muzikavimo \u00a0ritmo grup\u0117: Kamil\u0117 Gipi\u0161kyt\u0117,\u00a0 Ineta \u0160epeliova, Tajus Ru\u017eel\u0117, Matas Macijauskas, Gabija Stanevi\u010di\u016bt\u0117 ir N\u0117ja Lapinskait\u0117. Solist\u0117 apdovanota I vietos laureato diplomu, instrumentin\u0117 ritmo grup\u0117 gavo pad\u0117k\u0105\u00a0 u\u017e puik\u0173 akompanavim\u0105. Visi vaikai gavo atminimo dovan\u0117les. Buvo smagu ir dalyvauti, ir paklausyti kit\u0173. D\u0117kojame organizatoriams u\u017e puik\u0173 rengin\u012f ir gautas labai geras emocijas.<\/p>\n\n\n\n<p class=\"has-text-align-right\">\u00a0\u00a0\u00a0\u00a0\u00a0\u00a0\u00a0\u00a0\u00a0\u00a0N\u0160S mokytoja Asta Mi\u010delien\u0117<\/p>\n\n\n\nngg_shortcode_0_placeholder\n\n\n\n<p><\/p>\n","protected":false},"excerpt":{"rendered":"<p>\u00a0\u00a0\u00a0\u00a0\u00a0\u00a0 \u0160. m. baland\u017eio 9 d. Roki\u0161kio \u00a0Kra\u0161to muziejuje vyko XII tarptautinis vokalin\u0117s muzikos konkursas ,,L\u0117kime dain\u0173 sparnais\u201c, kur\u012f organizavo Roki\u0161kio Rudolfo Lymano muzikos mokykla. M\u016bs\u0173 gimnazijos neformaliojo \u0161vietimo skyriaus estetikos studijos mokin\u0117 Arija L\u0117ja Zai\u010denko padainavo dvi dainas. Jai pritar\u0117 estetikos studijos instrumentinio muzikavimo \u00a0ritmo grup\u0117: Kamil\u0117 Gipi\u0161kyt\u0117,\u00a0 Ineta \u0160epeliova, Tajus Ru\u017eel\u0117, Matas Macijauskas, [&hellip;]<\/p>\n","protected":false},"author":5,"featured_media":23328,"comment_status":"closed","ping_status":"open","sticky":false,"template":"","format":"standard","meta":{"site-sidebar-layout":"default","site-content-layout":"","ast-site-content-layout":"","site-content-style":"default","site-sidebar-style":"default","ast-global-header-display":"","ast-banner-title-visibility":"","ast-main-header-display":"","ast-hfb-above-header-display":"","ast-hfb-below-header-display":"","ast-hfb-mobile-header-display":"","site-post-title":"","ast-breadcrumbs-content":"","ast-featured-img":"disabled","footer-sml-layout":"","ast-disable-related-posts":"","theme-transparent-header-meta":"","adv-header-id-meta":"","stick-header-meta":"","header-above-stick-meta":"","header-main-stick-meta":"","header-below-stick-meta":"","astra-migrate-meta-layouts":"default","ast-page-background-enabled":"default","ast-page-background-meta":{"desktop":{"background-color":"var(--ast-global-color-4)","background-image":"","background-repeat":"repeat","background-position":"center center","background-size":"auto","background-attachment":"scroll","background-type":"","background-media":"","overlay-type":"","overlay-color":"","overlay-opacity":"","overlay-gradient":""},"tablet":{"background-color":"","background-image":"","background-repeat":"repeat","background-position":"center center","background-size":"auto","background-attachment":"scroll","background-type":"","background-media":"","overlay-type":"","overlay-color":"","overlay-opacity":"","overlay-gradient":""},"mobile":{"background-color":"","background-image":"","background-repeat":"repeat","background-position":"center center","background-size":"auto","background-attachment":"scroll","background-type":"","background-media":"","overlay-type":"","overlay-color":"","overlay-opacity":"","overlay-gradient":""}},"ast-content-background-meta":{"desktop":{"background-color":"var(--ast-global-color-5)","background-image":"","background-repeat":"repeat","background-position":"center center","background-size":"auto","background-attachment":"scroll","background-type":"","background-media":"","overlay-type":"","overlay-color":"","overlay-opacity":"","overlay-gradient":""},"tablet":{"background-color":"var(--ast-global-color-5)","background-image":"","background-repeat":"repeat","background-position":"center center","background-size":"auto","background-attachment":"scroll","background-type":"","background-media":"","overlay-type":"","overlay-color":"","overlay-opacity":"","overlay-gradient":""},"mobile":{"background-color":"var(--ast-global-color-5)","background-image":"","background-repeat":"repeat","background-position":"center center","background-size":"auto","background-attachment":"scroll","background-type":"","background-media":"","overlay-type":"","overlay-color":"","overlay-opacity":"","overlay-gradient":""}},"ngg_post_thumbnail":6756,"footnotes":""},"categories":[21,63],"tags":[],"class_list":["post-23317","post","type-post","status-publish","format-standard","has-post-thumbnail","hentry","category-naujienos","category-neformaliojo-svietimo-skyrius"],"_links":{"self":[{"href":"https:\/\/www.kamajugimnazija.lt\/wp-json\/wp\/v2\/posts\/23317","targetHints":{"allow":["GET"]}}],"collection":[{"href":"https:\/\/www.kamajugimnazija.lt\/wp-json\/wp\/v2\/posts"}],"about":[{"href":"https:\/\/www.kamajugimnazija.lt\/wp-json\/wp\/v2\/types\/post"}],"author":[{"embeddable":true,"href":"https:\/\/www.kamajugimnazija.lt\/wp-json\/wp\/v2\/users\/5"}],"replies":[{"embeddable":true,"href":"https:\/\/www.kamajugimnazija.lt\/wp-json\/wp\/v2\/comments?post=23317"}],"version-history":[{"count":0,"href":"https:\/\/www.kamajugimnazija.lt\/wp-json\/wp\/v2\/posts\/23317\/revisions"}],"wp:featuredmedia":[{"embeddable":true,"href":"https:\/\/www.kamajugimnazija.lt\/wp-json\/wp\/v2\/media\/23328"}],"wp:attachment":[{"href":"https:\/\/www.kamajugimnazija.lt\/wp-json\/wp\/v2\/media?parent=23317"}],"wp:term":[{"taxonomy":"category","embeddable":true,"href":"https:\/\/www.kamajugimnazija.lt\/wp-json\/wp\/v2\/categories?post=23317"},{"taxonomy":"post_tag","embeddable":true,"href":"https:\/\/www.kamajugimnazija.lt\/wp-json\/wp\/v2\/tags?post=23317"}],"curies":[{"name":"wp","href":"https:\/\/api.w.org\/{rel}","templated":true}]}}