{"id":23626,"date":"2025-06-03T20:51:45","date_gmt":"2025-06-03T18:51:45","guid":{"rendered":"https:\/\/www.kamajugimnazija.lt\/?p=23626"},"modified":"2025-06-03T20:52:05","modified_gmt":"2025-06-03T18:52:05","slug":"koncertas-vasaros-traukinukas","status":"publish","type":"post","link":"https:\/\/www.kamajugimnazija.lt\/2025\/06\/koncertas-vasaros-traukinukas\/","title":{"rendered":"Koncertas \u201eVasaros traukinukas\u201c"},"content":{"rendered":"\n<p>   Gegu\u017e\u0117s 29 d. mokyklos Ma\u017eojoje sal\u0117je vyko tradicinis\u202fneformaliojo \u0161vietimo skyriaus mokini\u0173 ir mokytoj\u0173 baigiamasis mokslo met\u0173 koncertas <strong>\u201eVasaros traukinukas\u201d.<\/strong> Jame pasirod\u0117 fortepijono, dainavimo, teatrin\u0117s rai\u0161kos, gitaros, kankli\u0173, smuiko, ukuleli\u0173, estetikos studij\u0173 jaunieji atlik\u0117jai. Skamb\u0117jo ir kapelos \u201eStrazdukai\u201c akordai, pasirod\u0117 jungtinis kankli\u0173 ir gitar\u0173 instrumentinis ansamblis, atlik\u0117jai solistai, mergin\u0173 instrumentin\u0117 grup\u0117. Renginio metu buvo eksponuojama dail\u0117s studijos mokini\u0173 darb\u0173 paroda.\u00a0<br>Koncerto metu\u202f neformaliojo vaik\u0173 \u0161vietimo pa\u017eym\u0117jimai buvo \u012fteikti kankli\u0173 ir gitaros studij\u0173 mokymosi programas baigusioms merginoms &#8211;\u00a0 Neringai Paparigai ir Ugnei Stun\u017e\u0117naitei.<br>D\u0117kojame visiems mokiniams, t\u0117veliams, mokyklos administracijai u\u017e puikias s\u0105lygas dirbti, keliones \u012f renginius, g\u0117les, \u012fsimintinas mokslo met\u0173 akimirkas.<\/p>\n\n\n\n<p>N\u0160S mokytoj\u0173 vardu \u2013 ved\u0117ja Ramun\u0117 Glinskien\u0117<br>Foto nuotraukos Daivos Baltakyt\u0117s<\/p>\n\n\n\nngg_shortcode_0_placeholder\n","protected":false},"excerpt":{"rendered":"<p>Gegu\u017e\u0117s 29 d. mokyklos Ma\u017eojoje sal\u0117je vyko tradicinis\u202fneformaliojo \u0161vietimo skyriaus mokini\u0173 ir mokytoj\u0173 baigiamasis mokslo met\u0173 koncertas \u201eVasaros traukinukas\u201d. Jame pasirod\u0117 fortepijono, dainavimo, teatrin\u0117s rai\u0161kos, gitaros, kankli\u0173, smuiko, ukuleli\u0173, estetikos studij\u0173 jaunieji atlik\u0117jai. Skamb\u0117jo ir kapelos \u201eStrazdukai\u201c akordai, pasirod\u0117 jungtinis kankli\u0173 ir gitar\u0173 instrumentinis ansamblis, atlik\u0117jai solistai, mergin\u0173 instrumentin\u0117 grup\u0117. Renginio metu buvo eksponuojama dail\u0117s [&hellip;]<\/p>\n","protected":false},"author":5,"featured_media":23627,"comment_status":"closed","ping_status":"open","sticky":false,"template":"","format":"standard","meta":{"site-sidebar-layout":"default","site-content-layout":"","ast-site-content-layout":"default","site-content-style":"default","site-sidebar-style":"default","ast-global-header-display":"","ast-banner-title-visibility":"","ast-main-header-display":"","ast-hfb-above-header-display":"","ast-hfb-below-header-display":"","ast-hfb-mobile-header-display":"","site-post-title":"","ast-breadcrumbs-content":"","ast-featured-img":"","footer-sml-layout":"","ast-disable-related-posts":"","theme-transparent-header-meta":"","adv-header-id-meta":"","stick-header-meta":"","header-above-stick-meta":"","header-main-stick-meta":"","header-below-stick-meta":"","astra-migrate-meta-layouts":"default","ast-page-background-enabled":"default","ast-page-background-meta":{"desktop":{"background-color":"var(--ast-global-color-4)","background-image":"","background-repeat":"repeat","background-position":"center center","background-size":"auto","background-attachment":"scroll","background-type":"","background-media":"","overlay-type":"","overlay-color":"","overlay-opacity":"","overlay-gradient":""},"tablet":{"background-color":"","background-image":"","background-repeat":"repeat","background-position":"center center","background-size":"auto","background-attachment":"scroll","background-type":"","background-media":"","overlay-type":"","overlay-color":"","overlay-opacity":"","overlay-gradient":""},"mobile":{"background-color":"","background-image":"","background-repeat":"repeat","background-position":"center center","background-size":"auto","background-attachment":"scroll","background-type":"","background-media":"","overlay-type":"","overlay-color":"","overlay-opacity":"","overlay-gradient":""}},"ast-content-background-meta":{"desktop":{"background-color":"var(--ast-global-color-5)","background-image":"","background-repeat":"repeat","background-position":"center center","background-size":"auto","background-attachment":"scroll","background-type":"","background-media":"","overlay-type":"","overlay-color":"","overlay-opacity":"","overlay-gradient":""},"tablet":{"background-color":"var(--ast-global-color-5)","background-image":"","background-repeat":"repeat","background-position":"center center","background-size":"auto","background-attachment":"scroll","background-type":"","background-media":"","overlay-type":"","overlay-color":"","overlay-opacity":"","overlay-gradient":""},"mobile":{"background-color":"var(--ast-global-color-5)","background-image":"","background-repeat":"repeat","background-position":"center center","background-size":"auto","background-attachment":"scroll","background-type":"","background-media":"","overlay-type":"","overlay-color":"","overlay-opacity":"","overlay-gradient":""}},"ngg_post_thumbnail":0,"footnotes":""},"categories":[64,21,63],"tags":[],"class_list":["post-23626","post","type-post","status-publish","format-standard","has-post-thumbnail","hentry","category-ikimokyklinio-ugdymo-skyrius","category-naujienos","category-neformaliojo-svietimo-skyrius"],"_links":{"self":[{"href":"https:\/\/www.kamajugimnazija.lt\/wp-json\/wp\/v2\/posts\/23626","targetHints":{"allow":["GET"]}}],"collection":[{"href":"https:\/\/www.kamajugimnazija.lt\/wp-json\/wp\/v2\/posts"}],"about":[{"href":"https:\/\/www.kamajugimnazija.lt\/wp-json\/wp\/v2\/types\/post"}],"author":[{"embeddable":true,"href":"https:\/\/www.kamajugimnazija.lt\/wp-json\/wp\/v2\/users\/5"}],"replies":[{"embeddable":true,"href":"https:\/\/www.kamajugimnazija.lt\/wp-json\/wp\/v2\/comments?post=23626"}],"version-history":[{"count":0,"href":"https:\/\/www.kamajugimnazija.lt\/wp-json\/wp\/v2\/posts\/23626\/revisions"}],"wp:featuredmedia":[{"embeddable":true,"href":"https:\/\/www.kamajugimnazija.lt\/wp-json\/wp\/v2\/media\/23627"}],"wp:attachment":[{"href":"https:\/\/www.kamajugimnazija.lt\/wp-json\/wp\/v2\/media?parent=23626"}],"wp:term":[{"taxonomy":"category","embeddable":true,"href":"https:\/\/www.kamajugimnazija.lt\/wp-json\/wp\/v2\/categories?post=23626"},{"taxonomy":"post_tag","embeddable":true,"href":"https:\/\/www.kamajugimnazija.lt\/wp-json\/wp\/v2\/tags?post=23626"}],"curies":[{"name":"wp","href":"https:\/\/api.w.org\/{rel}","templated":true}]}}