{"id":25904,"date":"2026-03-10T15:37:56","date_gmt":"2026-03-10T13:37:56","guid":{"rendered":"https:\/\/www.kamajugimnazija.lt\/?p=25904"},"modified":"2026-03-10T15:38:35","modified_gmt":"2026-03-10T13:38:35","slug":"sventeme-lietuvos-laisve","status":"publish","type":"post","link":"https:\/\/www.kamajugimnazija.lt\/?p=25904","title":{"rendered":"\u0160vent\u0117me Lietuvos laisv\u0119"},"content":{"rendered":"\n<p>Gimnazijoje buvo pamin\u0117ta <strong>Kovo 11-oji \u2013 Lietuvos nepriklausomyb\u0117s atk\u016brimo diena<\/strong>. Ta proga Ma\u017eojoje sal\u0117je vyko viktorina <strong>\u201eLietuva mano \u0161irdyje\u201c<\/strong> 5\u2013Ig klasi\u0173 mokiniams , kurioje dalyviai pasitikrino \u017einias apie Lietuvos istorij\u0105, kult\u016br\u0105 ir svarbiausius \u012fvykius. Viktorinoje geriausiai pasirod\u0117 ir nugal\u0117jo komanda <strong>\u201eVytautai didieji\u201c<\/strong>. Viktorin\u0105 organizavo istorijos mokytoja Alvyda Vadeikien\u0117 bei IV g klas\u0117s I grup\u0117s mokiniai. Rengin\u012f praved\u0117 Aust\u0117ja Sokait\u0117 ir Ugn\u0117 Stun\u017e\u0117nait\u0117.<\/p>\n\n\n\n<p>Taip pat gimnazijos II auk\u0161to foj\u0117 eksponuojama vis\u0173 klasi\u0173 pie\u0161ini\u0173 paroda, skirta Lietuvai ir jos laisvei. Paroda kvie\u010dia mokinius ir mokytojus pasid\u017eiaugti k\u016brybiniais darbais bei dar kart\u0105 prisiminti \u0161ios svarbios dienos reik\u0161m\u0119.<\/p>\n\n\n\n<p class=\"has-text-align-right\">\u00a0\u00a0\u00a0\u00a0\u00a0\u00a0\u00a0\u00a0\u00a0\u00a0\u00a0\u00a0\u00a0\u00a0\u00a0\u00a0\u00a0\u00a0\u00a0\u00a0\u00a0\u00a0\u00a0\u00a0\u00a0\u00a0\u00a0\u00a0\u00a0\u00a0\u00a0\u00a0\u00a0\u00a0\u00a0\u00a0\u00a0\u00a0\u00a0\u00a0\u00a0\u00a0 Mokytoja Ramun\u0117 Glinskien\u0117<br>Foto nuotraukos Akvil\u0117s Jakubonyt\u0117s ir Ramun\u0117s Glinskien\u0117s <\/p>\n\n\nngg_shortcode_0_placeholder\n\n\n\n<p><\/p>\n","protected":false},"excerpt":{"rendered":"<p>Gimnazijoje buvo pamin\u0117ta Kovo 11-oji \u2013 Lietuvos nepriklausomyb\u0117s atk\u016brimo diena. Ta proga Ma\u017eojoje sal\u0117je vyko viktorina \u201eLietuva mano \u0161irdyje\u201c 5\u2013Ig klasi\u0173 mokiniams , kurioje dalyviai pasitikrino \u017einias apie Lietuvos istorij\u0105, kult\u016br\u0105 ir svarbiausius \u012fvykius. Viktorinoje geriausiai pasirod\u0117 ir nugal\u0117jo komanda \u201eVytautai didieji\u201c. Viktorin\u0105 organizavo istorijos mokytoja Alvyda Vadeikien\u0117 bei IV g klas\u0117s I grup\u0117s mokiniai. [&hellip;]<\/p>\n","protected":false},"author":5,"featured_media":25887,"comment_status":"closed","ping_status":"open","sticky":false,"template":"","format":"standard","meta":{"site-sidebar-layout":"default","site-content-layout":"","ast-site-content-layout":"default","site-content-style":"default","site-sidebar-style":"default","ast-global-header-display":"","ast-banner-title-visibility":"","ast-main-header-display":"","ast-hfb-above-header-display":"","ast-hfb-below-header-display":"","ast-hfb-mobile-header-display":"","site-post-title":"","ast-breadcrumbs-content":"","ast-featured-img":"disabled","footer-sml-layout":"","ast-disable-related-posts":"","theme-transparent-header-meta":"","adv-header-id-meta":"","stick-header-meta":"","header-above-stick-meta":"","header-main-stick-meta":"","header-below-stick-meta":"","astra-migrate-meta-layouts":"default","ast-page-background-enabled":"default","ast-page-background-meta":{"desktop":{"background-color":"var(--ast-global-color-4)","background-image":"","background-repeat":"repeat","background-position":"center center","background-size":"auto","background-attachment":"scroll","background-type":"","background-media":"","overlay-type":"","overlay-color":"","overlay-opacity":"","overlay-gradient":""},"tablet":{"background-color":"","background-image":"","background-repeat":"repeat","background-position":"center center","background-size":"auto","background-attachment":"scroll","background-type":"","background-media":"","overlay-type":"","overlay-color":"","overlay-opacity":"","overlay-gradient":""},"mobile":{"background-color":"","background-image":"","background-repeat":"repeat","background-position":"center center","background-size":"auto","background-attachment":"scroll","background-type":"","background-media":"","overlay-type":"","overlay-color":"","overlay-opacity":"","overlay-gradient":""}},"ast-content-background-meta":{"desktop":{"background-color":"var(--ast-global-color-5)","background-image":"","background-repeat":"repeat","background-position":"center center","background-size":"auto","background-attachment":"scroll","background-type":"","background-media":"","overlay-type":"","overlay-color":"","overlay-opacity":"","overlay-gradient":""},"tablet":{"background-color":"var(--ast-global-color-5)","background-image":"","background-repeat":"repeat","background-position":"center center","background-size":"auto","background-attachment":"scroll","background-type":"","background-media":"","overlay-type":"","overlay-color":"","overlay-opacity":"","overlay-gradient":""},"mobile":{"background-color":"var(--ast-global-color-5)","background-image":"","background-repeat":"repeat","background-position":"center center","background-size":"auto","background-attachment":"scroll","background-type":"","background-media":"","overlay-type":"","overlay-color":"","overlay-opacity":"","overlay-gradient":""}},"ngg_post_thumbnail":0,"_themeisle_gutenberg_block_has_review":false,"footnotes":""},"categories":[21],"tags":[],"class_list":["post-25904","post","type-post","status-publish","format-standard","has-post-thumbnail","hentry","category-naujienos"],"_links":{"self":[{"href":"https:\/\/www.kamajugimnazija.lt\/index.php?rest_route=\/wp\/v2\/posts\/25904","targetHints":{"allow":["GET"]}}],"collection":[{"href":"https:\/\/www.kamajugimnazija.lt\/index.php?rest_route=\/wp\/v2\/posts"}],"about":[{"href":"https:\/\/www.kamajugimnazija.lt\/index.php?rest_route=\/wp\/v2\/types\/post"}],"author":[{"embeddable":true,"href":"https:\/\/www.kamajugimnazija.lt\/index.php?rest_route=\/wp\/v2\/users\/5"}],"replies":[{"embeddable":true,"href":"https:\/\/www.kamajugimnazija.lt\/index.php?rest_route=%2Fwp%2Fv2%2Fcomments&post=25904"}],"version-history":[{"count":2,"href":"https:\/\/www.kamajugimnazija.lt\/index.php?rest_route=\/wp\/v2\/posts\/25904\/revisions"}],"predecessor-version":[{"id":25906,"href":"https:\/\/www.kamajugimnazija.lt\/index.php?rest_route=\/wp\/v2\/posts\/25904\/revisions\/25906"}],"wp:featuredmedia":[{"embeddable":true,"href":"https:\/\/www.kamajugimnazija.lt\/index.php?rest_route=\/wp\/v2\/media\/25887"}],"wp:attachment":[{"href":"https:\/\/www.kamajugimnazija.lt\/index.php?rest_route=%2Fwp%2Fv2%2Fmedia&parent=25904"}],"wp:term":[{"taxonomy":"category","embeddable":true,"href":"https:\/\/www.kamajugimnazija.lt\/index.php?rest_route=%2Fwp%2Fv2%2Fcategories&post=25904"},{"taxonomy":"post_tag","embeddable":true,"href":"https:\/\/www.kamajugimnazija.lt\/index.php?rest_route=%2Fwp%2Fv2%2Ftags&post=25904"}],"curies":[{"name":"wp","href":"https:\/\/api.w.org\/{rel}","templated":true}]}}