{"id":3740,"date":"2017-03-22T08:11:25","date_gmt":"2017-03-22T08:11:25","guid":{"rendered":"http:\/\/www.kamajugimnazija.lt\/?p=3740"},"modified":"2017-03-22T08:28:10","modified_gmt":"2017-03-22T08:28:10","slug":"respublikine-mokytoju-ir-mokiniu-kurybine-konferencija","status":"publish","type":"post","link":"https:\/\/www.kamajugimnazija.lt\/?p=3740","title":{"rendered":"Respublikin\u0117 mokytoj\u0173 ir mokini\u0173 k\u016brybin\u0117 konferencija"},"content":{"rendered":"<p style=\"text-align: left;\">&nbsp;&nbsp;&nbsp;<a href=\"http:\/\/www.kamajugimnazija.lt\/wp-content\/uploads\/2017\/03\/Kaunas3.jpg\"><img decoding=\"async\" class=\"size-thumbnail wp-image-3742 alignleft\" src=\"http:\/\/www.kamajugimnazija.lt\/wp-content\/uploads\/2017\/03\/Kaunas3-150x150.jpg\" alt=\"\" width=\"150\" height=\"150\"><\/a> Kovo 7 d. b\u016brelis 7-8 klasi\u0173 mokini\u0173&nbsp; dalyvavo Kauno \u0161v. Kazimiero progimnazijoje vykusioje&nbsp;<strong>respublikin\u0117je mokytoj\u0173 ir mokini\u0173 k\u016brybin\u0117je konferencijoje<\/strong> \u201e\u0160v. Kazimiero asmenyb\u0117s vertybi\u0173 rai\u0161ka\u201c.&nbsp; Mes ir dar 160&nbsp; konferencijos dalyvi\u0173 &nbsp;i\u0161 Kauno ir Medinink\u0173, Kupi\u0161kio ir \u0160iauli\u0173, Vilniaus ir Tel\u0161i\u0173, Kai\u0161iadori\u0173 ir Virbalio &nbsp;buvo pakviesti \u012f teatro bei&nbsp; muzikos k\u016brybines dirbtuves, kur &nbsp;gal\u0117jome \u012fsik\u016bnyti \u012f \u012fvairi\u0173 persona\u017e\u0173 emocinius ir vertybinius i\u0161gyvenimus. K\u016brybin\u0117se dirbtuv\u0117l\u0117se&nbsp; mokiniai pasigamino \u0161v. Kazimiero simbol\u012f \u2013 balt\u0105 lelij\u0105. Interaktyvioje viktorinoje dalyvav\u0119 vaikai tur\u0117jo surinkti informacij\u0105, u\u017ekoduot\u0105 \u0160v. Kazimiero progimnazijos erdv\u0117se. K\u016brybini\u0173-tiriam\u0173j\u0173 prane\u0161im\u0173 \u201ePraeities asmenybi\u0173 vertyb\u0117s XXI am\u017eiaus kontekste\u201c sekcijoje puikiai&nbsp; pasirod\u0117 ir i\u0161skirtinio d\u0117mesio sulauk\u0117 m\u016bs\u0173 gimnazijos a\u0161tuntok\u0117s Akvil\u0117 Galvydyt\u0117 ir Beneta Gri\u017eait\u0117, parengusios ir prista\u010diusios prane\u0161im\u0105 \u201eKaip \u0161v. Kazimieras gyvent\u0173 \u0161iandien?\u201c.&nbsp;<!--more--><\/p>\n<p>&nbsp;&nbsp;&nbsp;&nbsp; Dalyvaudami tokiame renginyje smagiai ir k\u016brybingai praleidome laik\u0105, pasis\u0117m\u0117me gra\u017ei\u0173 min\u010di\u0173 ir id\u0117j\u0173 ir u\u017esideg\u0117me noru&nbsp; kit\u0105met v\u0117l nuvykti&#8230;<\/p>\n<p style=\"text-align: right;\">Tikybos mokyt. Vilma Steputaitien\u0117<\/p>\n<p style=\"text-align: left;\"><a href=\"http:\/\/www.kamajugimnazija.lt\/wp-content\/uploads\/2017\/03\/Kaunas1.jpg\"><img decoding=\"async\" class=\"alignnone size-thumbnail wp-image-3743\" src=\"http:\/\/www.kamajugimnazija.lt\/wp-content\/uploads\/2017\/03\/Kaunas1-150x150.jpg\" alt=\"\" width=\"150\" height=\"150\"><\/a>&nbsp;<a href=\"http:\/\/www.kamajugimnazija.lt\/wp-content\/uploads\/2017\/03\/Kaunas2.jpg\"><img decoding=\"async\" class=\"alignnone size-thumbnail wp-image-3744\" src=\"http:\/\/www.kamajugimnazija.lt\/wp-content\/uploads\/2017\/03\/Kaunas2-150x150.jpg\" alt=\"\" width=\"150\" height=\"150\"><\/a>&nbsp;<a href=\"http:\/\/www.kamajugimnazija.lt\/wp-content\/uploads\/2017\/03\/Kaunas4.jpg\"><img loading=\"lazy\" decoding=\"async\" class=\"alignnone size-thumbnail wp-image-3741\" src=\"http:\/\/www.kamajugimnazija.lt\/wp-content\/uploads\/2017\/03\/Kaunas4-150x150.jpg\" alt=\"\" width=\"150\" height=\"150\"><\/a><\/p>\n<p>&nbsp;<\/p>\n","protected":false},"excerpt":{"rendered":"<p>&nbsp;&nbsp;&nbsp; Kovo 7 d. b\u016brelis 7-8 klasi\u0173 mokini\u0173&nbsp; dalyvavo Kauno \u0161v. Kazimiero progimnazijoje vykusioje&nbsp;respublikin\u0117je mokytoj\u0173 ir mokini\u0173 k\u016brybin\u0117je konferencijoje \u201e\u0160v. Kazimiero asmenyb\u0117s vertybi\u0173 rai\u0161ka\u201c.&nbsp; Mes ir dar 160&nbsp; konferencijos dalyvi\u0173 &nbsp;i\u0161 Kauno ir Medinink\u0173, Kupi\u0161kio ir \u0160iauli\u0173, Vilniaus ir Tel\u0161i\u0173, Kai\u0161iadori\u0173 ir Virbalio &nbsp;buvo pakviesti \u012f teatro bei&nbsp; muzikos k\u016brybines dirbtuves, kur &nbsp;gal\u0117jome \u012fsik\u016bnyti \u012f [&hellip;]<\/p>\n","protected":false},"author":5,"featured_media":0,"comment_status":"closed","ping_status":"open","sticky":false,"template":"","format":"standard","meta":{"site-sidebar-layout":"default","site-content-layout":"","ast-site-content-layout":"default","site-content-style":"default","site-sidebar-style":"default","ast-global-header-display":"","ast-banner-title-visibility":"","ast-main-header-display":"","ast-hfb-above-header-display":"","ast-hfb-below-header-display":"","ast-hfb-mobile-header-display":"","site-post-title":"","ast-breadcrumbs-content":"","ast-featured-img":"","footer-sml-layout":"","ast-disable-related-posts":"","theme-transparent-header-meta":"","adv-header-id-meta":"","stick-header-meta":"","header-above-stick-meta":"","header-main-stick-meta":"","header-below-stick-meta":"","astra-migrate-meta-layouts":"default","ast-page-background-enabled":"default","ast-page-background-meta":{"desktop":{"background-color":"var(--ast-global-color-4)","background-image":"","background-repeat":"repeat","background-position":"center center","background-size":"auto","background-attachment":"scroll","background-type":"","background-media":"","overlay-type":"","overlay-color":"","overlay-opacity":"","overlay-gradient":""},"tablet":{"background-color":"","background-image":"","background-repeat":"repeat","background-position":"center center","background-size":"auto","background-attachment":"scroll","background-type":"","background-media":"","overlay-type":"","overlay-color":"","overlay-opacity":"","overlay-gradient":""},"mobile":{"background-color":"","background-image":"","background-repeat":"repeat","background-position":"center center","background-size":"auto","background-attachment":"scroll","background-type":"","background-media":"","overlay-type":"","overlay-color":"","overlay-opacity":"","overlay-gradient":""}},"ast-content-background-meta":{"desktop":{"background-color":"var(--ast-global-color-5)","background-image":"","background-repeat":"repeat","background-position":"center center","background-size":"auto","background-attachment":"scroll","background-type":"","background-media":"","overlay-type":"","overlay-color":"","overlay-opacity":"","overlay-gradient":""},"tablet":{"background-color":"var(--ast-global-color-5)","background-image":"","background-repeat":"repeat","background-position":"center center","background-size":"auto","background-attachment":"scroll","background-type":"","background-media":"","overlay-type":"","overlay-color":"","overlay-opacity":"","overlay-gradient":""},"mobile":{"background-color":"var(--ast-global-color-5)","background-image":"","background-repeat":"repeat","background-position":"center center","background-size":"auto","background-attachment":"scroll","background-type":"","background-media":"","overlay-type":"","overlay-color":"","overlay-opacity":"","overlay-gradient":""}},"ngg_post_thumbnail":0,"_themeisle_gutenberg_block_has_review":false,"footnotes":""},"categories":[21],"tags":[],"class_list":["post-3740","post","type-post","status-publish","format-standard","hentry","category-naujienos"],"_links":{"self":[{"href":"https:\/\/www.kamajugimnazija.lt\/index.php?rest_route=\/wp\/v2\/posts\/3740","targetHints":{"allow":["GET"]}}],"collection":[{"href":"https:\/\/www.kamajugimnazija.lt\/index.php?rest_route=\/wp\/v2\/posts"}],"about":[{"href":"https:\/\/www.kamajugimnazija.lt\/index.php?rest_route=\/wp\/v2\/types\/post"}],"author":[{"embeddable":true,"href":"https:\/\/www.kamajugimnazija.lt\/index.php?rest_route=\/wp\/v2\/users\/5"}],"replies":[{"embeddable":true,"href":"https:\/\/www.kamajugimnazija.lt\/index.php?rest_route=%2Fwp%2Fv2%2Fcomments&post=3740"}],"version-history":[{"count":0,"href":"https:\/\/www.kamajugimnazija.lt\/index.php?rest_route=\/wp\/v2\/posts\/3740\/revisions"}],"wp:attachment":[{"href":"https:\/\/www.kamajugimnazija.lt\/index.php?rest_route=%2Fwp%2Fv2%2Fmedia&parent=3740"}],"wp:term":[{"taxonomy":"category","embeddable":true,"href":"https:\/\/www.kamajugimnazija.lt\/index.php?rest_route=%2Fwp%2Fv2%2Fcategories&post=3740"},{"taxonomy":"post_tag","embeddable":true,"href":"https:\/\/www.kamajugimnazija.lt\/index.php?rest_route=%2Fwp%2Fv2%2Ftags&post=3740"}],"curies":[{"name":"wp","href":"https:\/\/api.w.org\/{rel}","templated":true}]}}